{"id":1244,"date":"2023-05-12T20:59:52","date_gmt":"2023-05-12T18:59:52","guid":{"rendered":"https:\/\/stadszteam.be\/?p=1244"},"modified":"2023-05-12T20:59:54","modified_gmt":"2023-05-12T18:59:54","slug":"het-gaat-niet-goed-met-het-psychisch-welzijn-van-het-personeel-van-scherpenheuvel-zichem","status":"publish","type":"post","link":"https:\/\/stadszteam.be\/index.php\/2023\/05\/12\/het-gaat-niet-goed-met-het-psychisch-welzijn-van-het-personeel-van-scherpenheuvel-zichem\/","title":{"rendered":"Het gaat niet goed met het\u00a0psychisch welzijn\u00a0van het personeel van Scherpenheuvel-Zichem"},"content":{"rendered":"\n<p><\/p>\n\n\n\n<h3 class=\"wp-block-heading\"><strong>Ondermaats en zorgwekkend<\/strong>&nbsp;<\/h3>\n\n\n\n<p>Het was even verschieten op de vorige gemeenteraad. De bespreking van de resultaten van een bevraging over het&nbsp;psychisch&nbsp;welzijn&nbsp;van het personeel van de stad heeft duidelijk sporen nagelaten. De burgemeester had het over slechte en ondermaatse cijfers. De voorzitter van de gemeenteraad omschreef de toestand als zorgwekkend.&nbsp;<\/p>\n\n\n\n<h3 class=\"wp-block-heading\"><strong>Algemeen directeur licht toe<\/strong>&nbsp;<\/h3>\n\n\n\n<p>De algemeen directeur zei een signaal in hoofdletters te hebben gekregen van het personeel en schreef dit deels toe aan een organisatie in verandering (o.a. de integratie van stad en OCMW). Er komen focusgroepen met groepjes van het personeel waarover verslagen worden gemaakt. Ook komt er een actieplan rond oktober 2023.&nbsp;<\/p>\n\n\n\n<h3 class=\"wp-block-heading\"><strong>Tussenkomst van Pieter Boudry van het stadSZteam<\/strong>&nbsp;<\/h3>\n\n\n\n<p>Ons raadslid Pieter Boudry zei dat hij het stadsbestuur wel hoorde schrikken, maar dat de inwoners misschien wel zeggen het hen niet verwondert? Gelukkig ziet de algemeen directeur de ernst van de situatie in.\u00a0De resultaten van de bevraging zijn inderdaad zeer beschamend.\u00a0We scoorden met Scherpenheuvel-Zichem ondermaats op bevlogenheid, tevredenheid, aanbevelingsscore, stress, uitputting, distantie, burn-out-risico, voorspelde uitval, pestgedrag, beslissingsruimte, rolduidelijkheid, vaardigheidsbenutting, leermogelijkheden, communicatie, inspraak, strategie, enzovoort\u2026\u00a0Er lijkt ons te weinig\u00a0<em>sense of urgency<\/em>\u00a0te zijn.\u00a0Het gepresenteerde actieplan was neergepend op 1 enkel A-4tje, dat mocht meer zijn geweest, 4 maanden na de ontvangst van de resultaten.\u00a0Zeker omdat wij met Scherpenheuvel-Zichem op zo goed als \u00e9lk vlak, op \u00e9lk onderwerp, slechter tot h\u00e9\u00e9l veel slechter scoren dan het Vlaams gemiddelde van lokale besturen. Zorgwekkend \u00e9n beschamend dus.<\/p>\n\n\n\n<h3 class=\"wp-block-heading\">Herbeluister het fragment over dit onderwerp op de gemeenteraad van 27 april 2023<\/h3>\n\n\n\n<figure class=\"wp-block-audio\"><audio controls src=\"https:\/\/stadszteam.be\/wp-content\/uploads\/2023\/05\/20230427-GR-WelzijnsEnquete-V2.mp3\"><\/audio><\/figure>\n\n\n\n<p><\/p>\n\n\n\n<h3 class=\"wp-block-heading\"><strong>Visie van het stadSZteam&nbsp;<\/strong><\/h3>\n\n\n\n<p>We zijn er 100% van overtuigd dat een aangename, positieve omgeving voor werknemers tot de beste resultaten leidt. Talloze studies tonen dit aan.&nbsp;In het geval van het personeel van Scherpenheuvel-Zichem is het vanzelfsprekend dat&nbsp;een competent leiderschap, een gedragen visie en plan&nbsp;en een positieve sfeer de dienstverlening aan onze inwoners ten goede komt.&nbsp;In het stadSZteam zit ook heel wat ervaring wat het leiden van teams in diverse bedrijven betreft. De trend die je de laatste jaren ziet, is om minder met hi\u00ebrarchische structuren te werken, maar eerder met vlakke structuren met gedeeld leiderschap en tijdelijke projectteams. Iedere werknemer moet betrokken worden bij de doelstelling en dat cre\u00ebert enthousiasme en een positieve dynamiek. &nbsp;<\/p>\n\n\n\n<p>Zoals Winston Churchill ooit zei: &#8220;een pessimist ziet een moeilijkheid in elke uitdaging, een optimist ziet een uitdaging in elke moeilijkheid&#8221;. Wij geloven met het stadSZteam steevast in het optimisme dat de gemeente de vele uitdagingen aankan met een positieve aanpak. &nbsp;<\/p>\n\n\n\n<p>Enkele studies: &nbsp;<\/p>\n\n\n\n<p><a href=\"https:\/\/www.jobat.be\/nl\/art\/7-hefbomen-voor-een-betere-werksfeer\">https:\/\/www.jobat.be\/nl\/art\/7-hefbomen-voor-een-betere-werksfeer<\/a><\/p>\n\n\n\n<p><a href=\"https:\/\/artiflex.com\/ik-zoek-werknemers\/kennisbank\/het-geheim-van-een-positieve-werksfeer\">https:\/\/artiflex.com\/ik-zoek-werknemers\/kennisbank\/het-geheim-van-een-positieve-werksfeer<\/a><\/p>\n\n\n\n<p><a href=\"https:\/\/www.tempo-team.nl\/werkgevers\/werkplezier\/werksfeer\">https:\/\/www.tempo-team.nl\/werkgevers\/werkplezier\/werksfeer<\/a><\/p>\n\n\n\n<p><\/p>\n","protected":false},"excerpt":{"rendered":"<p>Ondermaats en zorgwekkend&nbsp; Het was even verschieten op de vorige gemeenteraad. De bespreking van de&#8230;<\/p>\n","protected":false},"author":5,"featured_media":1247,"comment_status":"open","ping_status":"open","sticky":false,"template":"","format":"standard","meta":{"_themeisle_gutenberg_block_has_review":false,"_jetpack_memberships_contains_paid_content":false,"footnotes":"","jetpack_publicize_message":"","jetpack_publicize_feature_enabled":true,"jetpack_social_post_already_shared":true,"jetpack_social_options":{"image_generator_settings":{"template":"highway","default_image_id":0,"font":"","enabled":false},"version":2}},"categories":[14],"tags":[],"class_list":["post-1244","post","type-post","status-publish","format-standard","has-post-thumbnail","hentry","category-gemeenteraad"],"yoast_head":"<!-- This site is optimized with the Yoast SEO plugin v27.1.1 - https:\/\/yoast.com\/product\/yoast-seo-wordpress\/ -->\n<title>Het gaat niet goed met het\u00a0psychisch welzijn\u00a0van het personeel van Scherpenheuvel-Zichem - stadSZteam<\/title>\n<meta name=\"robots\" content=\"index, follow, max-snippet:-1, max-image-preview:large, max-video-preview:-1\" \/>\n<link rel=\"canonical\" href=\"https:\/\/stadszteam.be\/index.php\/2023\/05\/12\/het-gaat-niet-goed-met-het-psychisch-welzijn-van-het-personeel-van-scherpenheuvel-zichem\/\" \/>\n<meta property=\"og:locale\" content=\"nl_NL\" \/>\n<meta property=\"og:type\" content=\"article\" \/>\n<meta property=\"og:title\" content=\"Het gaat niet goed met het\u00a0psychisch welzijn\u00a0van het personeel van Scherpenheuvel-Zichem - stadSZteam\" \/>\n<meta property=\"og:description\" content=\"Ondermaats en zorgwekkend&nbsp; Het was even verschieten op de vorige gemeenteraad. De bespreking van de...\" \/>\n<meta property=\"og:url\" content=\"https:\/\/stadszteam.be\/index.php\/2023\/05\/12\/het-gaat-niet-goed-met-het-psychisch-welzijn-van-het-personeel-van-scherpenheuvel-zichem\/\" \/>\n<meta property=\"og:site_name\" content=\"stadSZteam\" \/>\n<meta property=\"article:publisher\" content=\"https:\/\/www.facebook.com\/stadSZteam\" \/>\n<meta property=\"article:published_time\" content=\"2023-05-12T18:59:52+00:00\" \/>\n<meta property=\"article:modified_time\" content=\"2023-05-12T18:59:54+00:00\" \/>\n<meta property=\"og:image\" content=\"https:\/\/stadszteam.be\/wp-content\/uploads\/2023\/05\/Psychisch-Welzijn.jpg\" \/>\n\t<meta property=\"og:image:width\" content=\"702\" \/>\n\t<meta property=\"og:image:height\" content=\"366\" \/>\n\t<meta property=\"og:image:type\" content=\"image\/jpeg\" \/>\n<meta name=\"author\" content=\"stadszteam\" \/>\n<meta name=\"twitter:card\" content=\"summary_large_image\" \/>\n<script type=\"application\/ld+json\" class=\"yoast-schema-graph\">{\"@context\":\"https:\/\/schema.org\",\"@graph\":[{\"@type\":\"Article\",\"@id\":\"https:\/\/stadszteam.be\/index.php\/2023\/05\/12\/het-gaat-niet-goed-met-het-psychisch-welzijn-van-het-personeel-van-scherpenheuvel-zichem\/#article\",\"isPartOf\":{\"@id\":\"https:\/\/stadszteam.be\/index.php\/2023\/05\/12\/het-gaat-niet-goed-met-het-psychisch-welzijn-van-het-personeel-van-scherpenheuvel-zichem\/\"},\"author\":{\"name\":\"stadszteam\",\"@id\":\"https:\/\/stadszteam.be\/#\/schema\/person\/ea8b57565dc61e35451c21bc347195da\"},\"headline\":\"Het gaat niet goed met het\u00a0psychisch welzijn\u00a0van het personeel van Scherpenheuvel-Zichem\",\"datePublished\":\"2023-05-12T18:59:52+00:00\",\"dateModified\":\"2023-05-12T18:59:54+00:00\",\"mainEntityOfPage\":{\"@id\":\"https:\/\/stadszteam.be\/index.php\/2023\/05\/12\/het-gaat-niet-goed-met-het-psychisch-welzijn-van-het-personeel-van-scherpenheuvel-zichem\/\"},\"wordCount\":467,\"commentCount\":0,\"publisher\":{\"@id\":\"https:\/\/stadszteam.be\/#organization\"},\"image\":{\"@id\":\"https:\/\/stadszteam.be\/index.php\/2023\/05\/12\/het-gaat-niet-goed-met-het-psychisch-welzijn-van-het-personeel-van-scherpenheuvel-zichem\/#primaryimage\"},\"thumbnailUrl\":\"https:\/\/i0.wp.com\/stadszteam.be\/wp-content\/uploads\/2023\/05\/Psychisch-Welzijn.jpg?fit=702%2C366&ssl=1\",\"articleSection\":[\"gemeenteraad\"],\"inLanguage\":\"nl-NL\",\"potentialAction\":[{\"@type\":\"CommentAction\",\"name\":\"Comment\",\"target\":[\"https:\/\/stadszteam.be\/index.php\/2023\/05\/12\/het-gaat-niet-goed-met-het-psychisch-welzijn-van-het-personeel-van-scherpenheuvel-zichem\/#respond\"]}]},{\"@type\":\"WebPage\",\"@id\":\"https:\/\/stadszteam.be\/index.php\/2023\/05\/12\/het-gaat-niet-goed-met-het-psychisch-welzijn-van-het-personeel-van-scherpenheuvel-zichem\/\",\"url\":\"https:\/\/stadszteam.be\/index.php\/2023\/05\/12\/het-gaat-niet-goed-met-het-psychisch-welzijn-van-het-personeel-van-scherpenheuvel-zichem\/\",\"name\":\"Het gaat niet goed met het\u00a0psychisch welzijn\u00a0van het personeel van Scherpenheuvel-Zichem - stadSZteam\",\"isPartOf\":{\"@id\":\"https:\/\/stadszteam.be\/#website\"},\"primaryImageOfPage\":{\"@id\":\"https:\/\/stadszteam.be\/index.php\/2023\/05\/12\/het-gaat-niet-goed-met-het-psychisch-welzijn-van-het-personeel-van-scherpenheuvel-zichem\/#primaryimage\"},\"image\":{\"@id\":\"https:\/\/stadszteam.be\/index.php\/2023\/05\/12\/het-gaat-niet-goed-met-het-psychisch-welzijn-van-het-personeel-van-scherpenheuvel-zichem\/#primaryimage\"},\"thumbnailUrl\":\"https:\/\/i0.wp.com\/stadszteam.be\/wp-content\/uploads\/2023\/05\/Psychisch-Welzijn.jpg?fit=702%2C366&ssl=1\",\"datePublished\":\"2023-05-12T18:59:52+00:00\",\"dateModified\":\"2023-05-12T18:59:54+00:00\",\"breadcrumb\":{\"@id\":\"https:\/\/stadszteam.be\/index.php\/2023\/05\/12\/het-gaat-niet-goed-met-het-psychisch-welzijn-van-het-personeel-van-scherpenheuvel-zichem\/#breadcrumb\"},\"inLanguage\":\"nl-NL\",\"potentialAction\":[{\"@type\":\"ReadAction\",\"target\":[\"https:\/\/stadszteam.be\/index.php\/2023\/05\/12\/het-gaat-niet-goed-met-het-psychisch-welzijn-van-het-personeel-van-scherpenheuvel-zichem\/\"]}]},{\"@type\":\"ImageObject\",\"inLanguage\":\"nl-NL\",\"@id\":\"https:\/\/stadszteam.be\/index.php\/2023\/05\/12\/het-gaat-niet-goed-met-het-psychisch-welzijn-van-het-personeel-van-scherpenheuvel-zichem\/#primaryimage\",\"url\":\"https:\/\/i0.wp.com\/stadszteam.be\/wp-content\/uploads\/2023\/05\/Psychisch-Welzijn.jpg?fit=702%2C366&ssl=1\",\"contentUrl\":\"https:\/\/i0.wp.com\/stadszteam.be\/wp-content\/uploads\/2023\/05\/Psychisch-Welzijn.jpg?fit=702%2C366&ssl=1\",\"width\":702,\"height\":366},{\"@type\":\"BreadcrumbList\",\"@id\":\"https:\/\/stadszteam.be\/index.php\/2023\/05\/12\/het-gaat-niet-goed-met-het-psychisch-welzijn-van-het-personeel-van-scherpenheuvel-zichem\/#breadcrumb\",\"itemListElement\":[{\"@type\":\"ListItem\",\"position\":1,\"name\":\"Home\",\"item\":\"https:\/\/stadszteam.be\/\"},{\"@type\":\"ListItem\",\"position\":2,\"name\":\"Het gaat niet goed met het\u00a0psychisch welzijn\u00a0van het personeel van Scherpenheuvel-Zichem\"}]},{\"@type\":\"WebSite\",\"@id\":\"https:\/\/stadszteam.be\/#website\",\"url\":\"https:\/\/stadszteam.be\/\",\"name\":\"stadSZteam\",\"description\":\"Trots op Scherpenheuvel\",\"publisher\":{\"@id\":\"https:\/\/stadszteam.be\/#organization\"},\"potentialAction\":[{\"@type\":\"SearchAction\",\"target\":{\"@type\":\"EntryPoint\",\"urlTemplate\":\"https:\/\/stadszteam.be\/?s={search_term_string}\"},\"query-input\":{\"@type\":\"PropertyValueSpecification\",\"valueRequired\":true,\"valueName\":\"search_term_string\"}}],\"inLanguage\":\"nl-NL\"},{\"@type\":\"Organization\",\"@id\":\"https:\/\/stadszteam.be\/#organization\",\"name\":\"stadSZteam\",\"url\":\"https:\/\/stadszteam.be\/\",\"logo\":{\"@type\":\"ImageObject\",\"inLanguage\":\"nl-NL\",\"@id\":\"https:\/\/stadszteam.be\/#\/schema\/logo\/image\/\",\"url\":\"https:\/\/i0.wp.com\/stadszteam.be\/wp-content\/uploads\/2023\/04\/Stadszteam_Icoon_blauw.png?fit=2250%2C2251&ssl=1\",\"contentUrl\":\"https:\/\/i0.wp.com\/stadszteam.be\/wp-content\/uploads\/2023\/04\/Stadszteam_Icoon_blauw.png?fit=2250%2C2251&ssl=1\",\"width\":2250,\"height\":2251,\"caption\":\"stadSZteam\"},\"image\":{\"@id\":\"https:\/\/stadszteam.be\/#\/schema\/logo\/image\/\"},\"sameAs\":[\"https:\/\/www.facebook.com\/stadSZteam\"]},{\"@type\":\"Person\",\"@id\":\"https:\/\/stadszteam.be\/#\/schema\/person\/ea8b57565dc61e35451c21bc347195da\",\"name\":\"stadszteam\",\"image\":{\"@type\":\"ImageObject\",\"inLanguage\":\"nl-NL\",\"@id\":\"https:\/\/stadszteam.be\/#\/schema\/person\/image\/\",\"url\":\"https:\/\/secure.gravatar.com\/avatar\/98d03b63e1843a829a85ebada42a9863f8520fca1c9b10a20a930ed7afdafe3f?s=96&d=identicon&r=g\",\"contentUrl\":\"https:\/\/secure.gravatar.com\/avatar\/98d03b63e1843a829a85ebada42a9863f8520fca1c9b10a20a930ed7afdafe3f?s=96&d=identicon&r=g\",\"caption\":\"stadszteam\"},\"url\":\"https:\/\/stadszteam.be\/index.php\/author\/stadszteam\/\"}]}<\/script>\n<!-- \/ Yoast SEO plugin. -->","yoast_head_json":{"title":"Het gaat niet goed met het\u00a0psychisch welzijn\u00a0van het personeel van Scherpenheuvel-Zichem - stadSZteam","robots":{"index":"index","follow":"follow","max-snippet":"max-snippet:-1","max-image-preview":"max-image-preview:large","max-video-preview":"max-video-preview:-1"},"canonical":"https:\/\/stadszteam.be\/index.php\/2023\/05\/12\/het-gaat-niet-goed-met-het-psychisch-welzijn-van-het-personeel-van-scherpenheuvel-zichem\/","og_locale":"nl_NL","og_type":"article","og_title":"Het gaat niet goed met het\u00a0psychisch welzijn\u00a0van het personeel van Scherpenheuvel-Zichem - stadSZteam","og_description":"Ondermaats en zorgwekkend&nbsp; Het was even verschieten op de vorige gemeenteraad. De bespreking van de...","og_url":"https:\/\/stadszteam.be\/index.php\/2023\/05\/12\/het-gaat-niet-goed-met-het-psychisch-welzijn-van-het-personeel-van-scherpenheuvel-zichem\/","og_site_name":"stadSZteam","article_publisher":"https:\/\/www.facebook.com\/stadSZteam","article_published_time":"2023-05-12T18:59:52+00:00","article_modified_time":"2023-05-12T18:59:54+00:00","og_image":[{"width":702,"height":366,"url":"https:\/\/stadszteam.be\/wp-content\/uploads\/2023\/05\/Psychisch-Welzijn.jpg","type":"image\/jpeg"}],"author":"stadszteam","twitter_card":"summary_large_image","schema":{"@context":"https:\/\/schema.org","@graph":[{"@type":"Article","@id":"https:\/\/stadszteam.be\/index.php\/2023\/05\/12\/het-gaat-niet-goed-met-het-psychisch-welzijn-van-het-personeel-van-scherpenheuvel-zichem\/#article","isPartOf":{"@id":"https:\/\/stadszteam.be\/index.php\/2023\/05\/12\/het-gaat-niet-goed-met-het-psychisch-welzijn-van-het-personeel-van-scherpenheuvel-zichem\/"},"author":{"name":"stadszteam","@id":"https:\/\/stadszteam.be\/#\/schema\/person\/ea8b57565dc61e35451c21bc347195da"},"headline":"Het gaat niet goed met het\u00a0psychisch welzijn\u00a0van het personeel van Scherpenheuvel-Zichem","datePublished":"2023-05-12T18:59:52+00:00","dateModified":"2023-05-12T18:59:54+00:00","mainEntityOfPage":{"@id":"https:\/\/stadszteam.be\/index.php\/2023\/05\/12\/het-gaat-niet-goed-met-het-psychisch-welzijn-van-het-personeel-van-scherpenheuvel-zichem\/"},"wordCount":467,"commentCount":0,"publisher":{"@id":"https:\/\/stadszteam.be\/#organization"},"image":{"@id":"https:\/\/stadszteam.be\/index.php\/2023\/05\/12\/het-gaat-niet-goed-met-het-psychisch-welzijn-van-het-personeel-van-scherpenheuvel-zichem\/#primaryimage"},"thumbnailUrl":"https:\/\/i0.wp.com\/stadszteam.be\/wp-content\/uploads\/2023\/05\/Psychisch-Welzijn.jpg?fit=702%2C366&ssl=1","articleSection":["gemeenteraad"],"inLanguage":"nl-NL","potentialAction":[{"@type":"CommentAction","name":"Comment","target":["https:\/\/stadszteam.be\/index.php\/2023\/05\/12\/het-gaat-niet-goed-met-het-psychisch-welzijn-van-het-personeel-van-scherpenheuvel-zichem\/#respond"]}]},{"@type":"WebPage","@id":"https:\/\/stadszteam.be\/index.php\/2023\/05\/12\/het-gaat-niet-goed-met-het-psychisch-welzijn-van-het-personeel-van-scherpenheuvel-zichem\/","url":"https:\/\/stadszteam.be\/index.php\/2023\/05\/12\/het-gaat-niet-goed-met-het-psychisch-welzijn-van-het-personeel-van-scherpenheuvel-zichem\/","name":"Het gaat niet goed met het\u00a0psychisch welzijn\u00a0van het personeel van Scherpenheuvel-Zichem - stadSZteam","isPartOf":{"@id":"https:\/\/stadszteam.be\/#website"},"primaryImageOfPage":{"@id":"https:\/\/stadszteam.be\/index.php\/2023\/05\/12\/het-gaat-niet-goed-met-het-psychisch-welzijn-van-het-personeel-van-scherpenheuvel-zichem\/#primaryimage"},"image":{"@id":"https:\/\/stadszteam.be\/index.php\/2023\/05\/12\/het-gaat-niet-goed-met-het-psychisch-welzijn-van-het-personeel-van-scherpenheuvel-zichem\/#primaryimage"},"thumbnailUrl":"https:\/\/i0.wp.com\/stadszteam.be\/wp-content\/uploads\/2023\/05\/Psychisch-Welzijn.jpg?fit=702%2C366&ssl=1","datePublished":"2023-05-12T18:59:52+00:00","dateModified":"2023-05-12T18:59:54+00:00","breadcrumb":{"@id":"https:\/\/stadszteam.be\/index.php\/2023\/05\/12\/het-gaat-niet-goed-met-het-psychisch-welzijn-van-het-personeel-van-scherpenheuvel-zichem\/#breadcrumb"},"inLanguage":"nl-NL","potentialAction":[{"@type":"ReadAction","target":["https:\/\/stadszteam.be\/index.php\/2023\/05\/12\/het-gaat-niet-goed-met-het-psychisch-welzijn-van-het-personeel-van-scherpenheuvel-zichem\/"]}]},{"@type":"ImageObject","inLanguage":"nl-NL","@id":"https:\/\/stadszteam.be\/index.php\/2023\/05\/12\/het-gaat-niet-goed-met-het-psychisch-welzijn-van-het-personeel-van-scherpenheuvel-zichem\/#primaryimage","url":"https:\/\/i0.wp.com\/stadszteam.be\/wp-content\/uploads\/2023\/05\/Psychisch-Welzijn.jpg?fit=702%2C366&ssl=1","contentUrl":"https:\/\/i0.wp.com\/stadszteam.be\/wp-content\/uploads\/2023\/05\/Psychisch-Welzijn.jpg?fit=702%2C366&ssl=1","width":702,"height":366},{"@type":"BreadcrumbList","@id":"https:\/\/stadszteam.be\/index.php\/2023\/05\/12\/het-gaat-niet-goed-met-het-psychisch-welzijn-van-het-personeel-van-scherpenheuvel-zichem\/#breadcrumb","itemListElement":[{"@type":"ListItem","position":1,"name":"Home","item":"https:\/\/stadszteam.be\/"},{"@type":"ListItem","position":2,"name":"Het gaat niet goed met het\u00a0psychisch welzijn\u00a0van het personeel van Scherpenheuvel-Zichem"}]},{"@type":"WebSite","@id":"https:\/\/stadszteam.be\/#website","url":"https:\/\/stadszteam.be\/","name":"stadSZteam","description":"Trots op Scherpenheuvel","publisher":{"@id":"https:\/\/stadszteam.be\/#organization"},"potentialAction":[{"@type":"SearchAction","target":{"@type":"EntryPoint","urlTemplate":"https:\/\/stadszteam.be\/?s={search_term_string}"},"query-input":{"@type":"PropertyValueSpecification","valueRequired":true,"valueName":"search_term_string"}}],"inLanguage":"nl-NL"},{"@type":"Organization","@id":"https:\/\/stadszteam.be\/#organization","name":"stadSZteam","url":"https:\/\/stadszteam.be\/","logo":{"@type":"ImageObject","inLanguage":"nl-NL","@id":"https:\/\/stadszteam.be\/#\/schema\/logo\/image\/","url":"https:\/\/i0.wp.com\/stadszteam.be\/wp-content\/uploads\/2023\/04\/Stadszteam_Icoon_blauw.png?fit=2250%2C2251&ssl=1","contentUrl":"https:\/\/i0.wp.com\/stadszteam.be\/wp-content\/uploads\/2023\/04\/Stadszteam_Icoon_blauw.png?fit=2250%2C2251&ssl=1","width":2250,"height":2251,"caption":"stadSZteam"},"image":{"@id":"https:\/\/stadszteam.be\/#\/schema\/logo\/image\/"},"sameAs":["https:\/\/www.facebook.com\/stadSZteam"]},{"@type":"Person","@id":"https:\/\/stadszteam.be\/#\/schema\/person\/ea8b57565dc61e35451c21bc347195da","name":"stadszteam","image":{"@type":"ImageObject","inLanguage":"nl-NL","@id":"https:\/\/stadszteam.be\/#\/schema\/person\/image\/","url":"https:\/\/secure.gravatar.com\/avatar\/98d03b63e1843a829a85ebada42a9863f8520fca1c9b10a20a930ed7afdafe3f?s=96&d=identicon&r=g","contentUrl":"https:\/\/secure.gravatar.com\/avatar\/98d03b63e1843a829a85ebada42a9863f8520fca1c9b10a20a930ed7afdafe3f?s=96&d=identicon&r=g","caption":"stadszteam"},"url":"https:\/\/stadszteam.be\/index.php\/author\/stadszteam\/"}]}},"jetpack_publicize_connections":[],"jetpack_featured_media_url":"https:\/\/i0.wp.com\/stadszteam.be\/wp-content\/uploads\/2023\/05\/Psychisch-Welzijn.jpg?fit=702%2C366&ssl=1","jetpack-related-posts":[{"id":1420,"url":"https:\/\/stadszteam.be\/index.php\/2023\/06\/27\/meldingen-ongewenstgedrag-en-bijwerken-arbeidsreglementen\/","url_meta":{"origin":1244,"position":0},"title":"Het stadSZteam stelt een vraag over het aantal meldingen van ongewenst gedrag op de werkvloer en het bijwerken van de arbeidsreglementen","author":"stadszteam","date":"27 juni 2023","format":false,"excerpt":"Mondelinge en schriftelijke vraag over het verband tussen enerzijds het psychisch welzijn van het stadspersoneel van Scherpenheuvel-Zichem en het uitstel in het beheer van de lokale arbeidsreglementen en anderzijds het verzwakken van de positieve connectie tussen het stadsbestuur en haar personeel. Welzijnsbevraging Op de gemeenteraad van 20220324 heeft de VB-fractie\u2026","rel":"","context":"In &quot;gemeenteraad&quot;","block_context":{"text":"gemeenteraad","link":"https:\/\/stadszteam.be\/index.php\/category\/gemeenteraad\/"},"img":{"alt_text":"","src":"https:\/\/i0.wp.com\/stadszteam.be\/wp-content\/uploads\/2023\/06\/arbeidsreglement.jpg?fit=695%2C452&ssl=1&resize=350%2C200","width":350,"height":200,"srcset":"https:\/\/i0.wp.com\/stadszteam.be\/wp-content\/uploads\/2023\/06\/arbeidsreglement.jpg?fit=695%2C452&ssl=1&resize=350%2C200 1x, https:\/\/i0.wp.com\/stadszteam.be\/wp-content\/uploads\/2023\/06\/arbeidsreglement.jpg?fit=695%2C452&ssl=1&resize=525%2C300 1.5x"},"classes":[]},{"id":1407,"url":"https:\/\/stadszteam.be\/index.php\/2023\/06\/27\/agendapunt-klokkenluidersregeling\/","url_meta":{"origin":1244,"position":1},"title":"Agendapunt: \u00a0Klokkenluidersregeling","author":"stadszteam","date":"27 juni 2023","format":false,"excerpt":"Toelichting Op 18 november 2022 werd een wijziging aan het Bestuursdecreet bekrachtigd die een aangescherpte klokkenluidersregeling invoert. Hierdoor is elk lokaal bestuur sinds 11 december 2022 verplicht een intern meldpunt te hebben waar stadsmedewerkers terecht kunnen voor het melden van inbreuken die gebaseerd zijn op informatie uit de werkomgeving. Meer\u2026","rel":"","context":"In &quot;gemeenteraad&quot;","block_context":{"text":"gemeenteraad","link":"https:\/\/stadszteam.be\/index.php\/category\/gemeenteraad\/"},"img":{"alt_text":"","src":"https:\/\/i0.wp.com\/stadszteam.be\/wp-content\/uploads\/2023\/06\/Klokkenluiders.jpg?fit=587%2C304&ssl=1&resize=350%2C200","width":350,"height":200,"srcset":"https:\/\/i0.wp.com\/stadszteam.be\/wp-content\/uploads\/2023\/06\/Klokkenluiders.jpg?fit=587%2C304&ssl=1&resize=350%2C200 1x, https:\/\/i0.wp.com\/stadszteam.be\/wp-content\/uploads\/2023\/06\/Klokkenluiders.jpg?fit=587%2C304&ssl=1&resize=525%2C300 1.5x"},"classes":[]},{"id":2063,"url":"https:\/\/stadszteam.be\/index.php\/2023\/12\/25\/hoe-verliep-de-gemeenteraad-van-21-december-2023\/","url_meta":{"origin":1244,"position":2},"title":"Hoe verliep de gemeenteraad van 21 december 2023?","author":"stadszteam","date":"25 december 2023","format":false,"excerpt":"Een mooie samenvatting van de agendapunten en vragen op de laatste gemeenteraad van 2023 en onze visie en repliek op al deze punten.","rel":"","context":"In &quot;gemeenteraad&quot;","block_context":{"text":"gemeenteraad","link":"https:\/\/stadszteam.be\/index.php\/category\/gemeenteraad\/"},"img":{"alt_text":"","src":"https:\/\/i0.wp.com\/stadszteam.be\/wp-content\/uploads\/2023\/12\/DitWaSGR-Dec2023-V3.png?fit=1175%2C670&ssl=1&resize=350%2C200","width":350,"height":200,"srcset":"https:\/\/i0.wp.com\/stadszteam.be\/wp-content\/uploads\/2023\/12\/DitWaSGR-Dec2023-V3.png?fit=1175%2C670&ssl=1&resize=350%2C200 1x, https:\/\/i0.wp.com\/stadszteam.be\/wp-content\/uploads\/2023\/12\/DitWaSGR-Dec2023-V3.png?fit=1175%2C670&ssl=1&resize=525%2C300 1.5x, https:\/\/i0.wp.com\/stadszteam.be\/wp-content\/uploads\/2023\/12\/DitWaSGR-Dec2023-V3.png?fit=1175%2C670&ssl=1&resize=700%2C400 2x, https:\/\/i0.wp.com\/stadszteam.be\/wp-content\/uploads\/2023\/12\/DitWaSGR-Dec2023-V3.png?fit=1175%2C670&ssl=1&resize=1050%2C600 3x"},"classes":[]},{"id":1211,"url":"https:\/\/stadszteam.be\/index.php\/2023\/05\/12\/hoe-verliep-de-gemeenteraad-van-27-april-2023\/","url_meta":{"origin":1244,"position":3},"title":"Hoe verliep de gemeenteraad van 27 april 2023? \u00a0","author":"stadszteam","date":"12 mei 2023","format":false,"excerpt":"Op de gemeenteraad van donderdag 27 april legde ons stadSZteam met raadslid Pieter Boudry weer\u00a0enkele heikele punten aan het stadsbestuur voor.\u00a0 Het ging om zijn bedenkingen bij de jaarrekening, de kosten aan de kerk van Zichem, ondermaatse kampeerautoplaatsen, treuzelen met de ondersteuning bij het ter beschikking stellen van leerwerkplekken, het\u00a0laattijdig\u2026","rel":"","context":"In &quot;gemeenteraad&quot;","block_context":{"text":"gemeenteraad","link":"https:\/\/stadszteam.be\/index.php\/category\/gemeenteraad\/"},"img":{"alt_text":"","src":"https:\/\/i0.wp.com\/stadszteam.be\/wp-content\/uploads\/2023\/05\/Picture-GR-Pieter-V6.jpg?fit=651%2C387&ssl=1&resize=350%2C200","width":350,"height":200,"srcset":"https:\/\/i0.wp.com\/stadszteam.be\/wp-content\/uploads\/2023\/05\/Picture-GR-Pieter-V6.jpg?fit=651%2C387&ssl=1&resize=350%2C200 1x, https:\/\/i0.wp.com\/stadszteam.be\/wp-content\/uploads\/2023\/05\/Picture-GR-Pieter-V6.jpg?fit=651%2C387&ssl=1&resize=525%2C300 1.5x"},"classes":[]},{"id":1447,"url":"https:\/\/stadszteam.be\/index.php\/2023\/06\/28\/kosten-consultancyopdrachten\/","url_meta":{"origin":1244,"position":4},"title":"Kosten consultancyopdrachten","author":"stadszteam","date":"28 juni 2023","format":false,"excerpt":"Pieter Boudry stelt onderstaande vraag op de gemeenteraad van 29 juni 2023 betreft de kosten die de stad Scherpenheuvel-Zichem maakt voor consultancyopdrachten. Toelichting Onze stad kan soms niet anders dan externe hulp inschakelen om tijdelijk de werklast van het eigen personeel mee te helpen opvangen of om, daar waar nodig,\u2026","rel":"","context":"In &quot;gemeenteraad&quot;","block_context":{"text":"gemeenteraad","link":"https:\/\/stadszteam.be\/index.php\/category\/gemeenteraad\/"},"img":{"alt_text":"","src":"https:\/\/i0.wp.com\/stadszteam.be\/wp-content\/uploads\/2023\/06\/Consultancy.jpg?fit=1074%2C526&ssl=1&resize=350%2C200","width":350,"height":200,"srcset":"https:\/\/i0.wp.com\/stadszteam.be\/wp-content\/uploads\/2023\/06\/Consultancy.jpg?fit=1074%2C526&ssl=1&resize=350%2C200 1x, https:\/\/i0.wp.com\/stadszteam.be\/wp-content\/uploads\/2023\/06\/Consultancy.jpg?fit=1074%2C526&ssl=1&resize=525%2C300 1.5x, https:\/\/i0.wp.com\/stadszteam.be\/wp-content\/uploads\/2023\/06\/Consultancy.jpg?fit=1074%2C526&ssl=1&resize=700%2C400 2x, https:\/\/i0.wp.com\/stadszteam.be\/wp-content\/uploads\/2023\/06\/Consultancy.jpg?fit=1074%2C526&ssl=1&resize=1050%2C600 3x"},"classes":[]},{"id":1841,"url":"https:\/\/stadszteam.be\/index.php\/2023\/11\/07\/hoe-verliep-de-gemeenteraad-van-26-oktober-2023\/","url_meta":{"origin":1244,"position":5},"title":"Hoe verliep de gemeenteraad van 26 oktober 2023?","author":"stadszteam","date":"7 november 2023","format":false,"excerpt":"Het was een zitting die inhoudelijk wat meer te bieden had dan anders. Zo werd een belangrijk plan voorgesteld over meer speelruimte. Ook het kerkenbeleidsplan werd goedgekeurd. StadSZteam-gemeenteraadslid Pieter Boudry deed verschillende tussenkomsten en legde het stadsbestuur vijf pertinente vragen voor.","rel":"","context":"In &quot;gemeenteraad&quot;","block_context":{"text":"gemeenteraad","link":"https:\/\/stadszteam.be\/index.php\/category\/gemeenteraad\/"},"img":{"alt_text":"","src":"https:\/\/i0.wp.com\/stadszteam.be\/wp-content\/uploads\/2023\/11\/DitWasGR26Okt2023.jpg?fit=633%2C359&ssl=1&resize=350%2C200","width":350,"height":200,"srcset":"https:\/\/i0.wp.com\/stadszteam.be\/wp-content\/uploads\/2023\/11\/DitWasGR26Okt2023.jpg?fit=633%2C359&ssl=1&resize=350%2C200 1x, https:\/\/i0.wp.com\/stadszteam.be\/wp-content\/uploads\/2023\/11\/DitWasGR26Okt2023.jpg?fit=633%2C359&ssl=1&resize=525%2C300 1.5x"},"classes":[]}],"jetpack_sharing_enabled":true,"_links":{"self":[{"href":"https:\/\/stadszteam.be\/index.php\/wp-json\/wp\/v2\/posts\/1244","targetHints":{"allow":["GET"]}}],"collection":[{"href":"https:\/\/stadszteam.be\/index.php\/wp-json\/wp\/v2\/posts"}],"about":[{"href":"https:\/\/stadszteam.be\/index.php\/wp-json\/wp\/v2\/types\/post"}],"author":[{"embeddable":true,"href":"https:\/\/stadszteam.be\/index.php\/wp-json\/wp\/v2\/users\/5"}],"replies":[{"embeddable":true,"href":"https:\/\/stadszteam.be\/index.php\/wp-json\/wp\/v2\/comments?post=1244"}],"version-history":[{"count":5,"href":"https:\/\/stadszteam.be\/index.php\/wp-json\/wp\/v2\/posts\/1244\/revisions"}],"predecessor-version":[{"id":1304,"href":"https:\/\/stadszteam.be\/index.php\/wp-json\/wp\/v2\/posts\/1244\/revisions\/1304"}],"wp:featuredmedia":[{"embeddable":true,"href":"https:\/\/stadszteam.be\/index.php\/wp-json\/wp\/v2\/media\/1247"}],"wp:attachment":[{"href":"https:\/\/stadszteam.be\/index.php\/wp-json\/wp\/v2\/media?parent=1244"}],"wp:term":[{"taxonomy":"category","embeddable":true,"href":"https:\/\/stadszteam.be\/index.php\/wp-json\/wp\/v2\/categories?post=1244"},{"taxonomy":"post_tag","embeddable":true,"href":"https:\/\/stadszteam.be\/index.php\/wp-json\/wp\/v2\/tags?post=1244"}],"curies":[{"name":"wp","href":"https:\/\/api.w.org\/{rel}","templated":true}]}}